{"id":3617,"date":"2011-11-09T09:00:50","date_gmt":"2011-11-09T08:00:50","guid":{"rendered":"https:\/\/www.generaleprefabbricatispa.com\/non-classifiee\/planchers-alveolaires-conception-et-calcul-partie-1\/"},"modified":"2017-08-07T16:16:11","modified_gmt":"2017-08-07T14:16:11","slug":"planchers-alveolaires-conception-et-calcul-partie-1","status":"publish","type":"post","link":"https:\/\/www.generaleprefabbricatispa.com\/fr\/video\/planchers-alveolaires-conception-et-calcul-partie-1\/","title":{"rendered":"Planchers alv\u00e9olaires conception et calcul. Partie 1"},"content":{"rendered":"<p>15 avril 2011 &#8211; Le\u00e7on \u00e0 l&#8217;universit\u00e9 de P\u00e9rouse &#8211; P. Fagioli (Generale Prefabbricati)<\/p>\n<div class=\"rve\" data-content-width=\"1200\"><iframe loading=\"lazy\" width=\"1200\" height=\"900\" src=\"https:\/\/www.youtube.com\/embed\/6bD_E9S3qto?feature=oembed&#038;enablejsapi=1&#038;origin=https:\/\/www.generaleprefabbricatispa.com\" frameborder=\"0\" allowfullscreen><\/iframe><\/div>\n<p><!-- Responsive Video Embeds plugin by www.kevinleary.net --><\/p>\n","protected":false},"excerpt":{"rendered":"<p>15 avril 2011 &#8211; Le\u00e7on \u00e0 l&#8217;universit\u00e9 de P\u00e9rouse &#8211; P. Fagioli (Generale Prefabbricati)<\/p>\n","protected":false},"author":17,"featured_media":3955,"comment_status":"closed","ping_status":"closed","sticky":false,"template":"","format":"standard","meta":{"footnotes":""},"categories":[30],"tags":[],"class_list":["post-3617","post","type-post","status-publish","format-standard","has-post-thumbnail","hentry","category-video","category-30","description-off"],"_links":{"self":[{"href":"https:\/\/www.generaleprefabbricatispa.com\/fr\/wp-json\/wp\/v2\/posts\/3617","targetHints":{"allow":["GET"]}}],"collection":[{"href":"https:\/\/www.generaleprefabbricatispa.com\/fr\/wp-json\/wp\/v2\/posts"}],"about":[{"href":"https:\/\/www.generaleprefabbricatispa.com\/fr\/wp-json\/wp\/v2\/types\/post"}],"author":[{"embeddable":true,"href":"https:\/\/www.generaleprefabbricatispa.com\/fr\/wp-json\/wp\/v2\/users\/17"}],"replies":[{"embeddable":true,"href":"https:\/\/www.generaleprefabbricatispa.com\/fr\/wp-json\/wp\/v2\/comments?post=3617"}],"version-history":[{"count":0,"href":"https:\/\/www.generaleprefabbricatispa.com\/fr\/wp-json\/wp\/v2\/posts\/3617\/revisions"}],"wp:featuredmedia":[{"embeddable":true,"href":"https:\/\/www.generaleprefabbricatispa.com\/fr\/wp-json\/wp\/v2\/media\/3955"}],"wp:attachment":[{"href":"https:\/\/www.generaleprefabbricatispa.com\/fr\/wp-json\/wp\/v2\/media?parent=3617"}],"wp:term":[{"taxonomy":"category","embeddable":true,"href":"https:\/\/www.generaleprefabbricatispa.com\/fr\/wp-json\/wp\/v2\/categories?post=3617"},{"taxonomy":"post_tag","embeddable":true,"href":"https:\/\/www.generaleprefabbricatispa.com\/fr\/wp-json\/wp\/v2\/tags?post=3617"}],"curies":[{"name":"wp","href":"https:\/\/api.w.org\/{rel}","templated":true}]}}